{"id":699,"date":"2024-05-06T12:08:30","date_gmt":"2024-05-06T10:08:30","guid":{"rendered":"https:\/\/rivoli.dev.hayloft-it.ch\/?p=699"},"modified":"2024-08-29T11:50:23","modified_gmt":"2024-08-29T09:50:23","slug":"comprendre-les-effets-de-la-gravite-sur-notre-peau","status":"publish","type":"post","link":"https:\/\/rivoli.ch\/fr\/comprendre-les-effets-de-la-gravite-sur-notre-peau\/","title":{"rendered":"Comprendre les effets de la gravit\u00e9 sur l&rsquo;\u00e9tat de la peau"},"content":{"rendered":"\n<h1 class=\"wp-block-heading has-text-align-left has-large-font-size\">Comprendre les effets de la gravit\u00e9 sur l&rsquo;\u00e9tat de la peau<\/h1>\n\n\n\n<p class=\"has-text-align-left has-serif-font-family has-normal-font-size\">RIVOLI est une marque suisse de cosm\u00e9tiques de luxe offrant des produits de soins s\u00fbrs, \u00e0 l\u2019efficacit\u00e9 prouv\u00e9e et respectueux de notre environnement.<\/p>\n\n\n\n<figure data-no-zoom=\"true\" class=\"wp-block-image size-full\"><a href=\"https:\/\/rivoli.ch\/wp-content\/uploads\/2024\/04\/RIV_SLIDER_creme_2000X700_N_-1024x358-1.webp\"><img loading=\"lazy\" decoding=\"async\" width=\"1024\" height=\"358\" src=\"https:\/\/rivoli.ch\/wp-content\/uploads\/2024\/04\/RIV_SLIDER_creme_2000X700_N_-1024x358-1.webp\" alt=\"riv slider creme 2000x700 n 1024x358 1\" class=\"wp-image-518\" srcset=\"https:\/\/rivoli.ch\/wp-content\/uploads\/2024\/04\/RIV_SLIDER_creme_2000X700_N_-1024x358-1.webp 1024w, https:\/\/rivoli.ch\/wp-content\/uploads\/2024\/04\/RIV_SLIDER_creme_2000X700_N_-1024x358-1-600x210.webp 600w, https:\/\/rivoli.ch\/wp-content\/uploads\/2024\/04\/RIV_SLIDER_creme_2000X700_N_-1024x358-1-300x105.webp 300w, https:\/\/rivoli.ch\/wp-content\/uploads\/2024\/04\/RIV_SLIDER_creme_2000X700_N_-1024x358-1-768x269.webp 768w, https:\/\/rivoli.ch\/wp-content\/uploads\/2024\/04\/RIV_SLIDER_creme_2000X700_N_-1024x358-1-18x6.webp 18w\" sizes=\"(max-width: 1024px) 100vw, 1024px\" \/><\/a><\/figure>\n\n\n\n<div class=\"wp-block-group is-layout-constrained wp-block-group-is-layout-constrained\">\n<p>La perte d\u2019\u00e9lasticit\u00e9 et de fermet\u00e9 de la peau li\u00e9e \u00e0 l\u2019\u00e2ge est un processus naturel qui r\u00e9sulte de divers facteurs. La gravit\u00e9 terrestre joue bien s\u00fbr un r\u00f4le important dans ce ph\u00e9nom\u00e8ne mais parmi les causes du rel\u00e2chement cutan\u00e9, on retrouve \u00e9galement plusieurs m\u00e9canismes naturels qui contribuent \u00e0 la mani\u00e8re dont la peau r\u00e9agit au \ufb01l du temps.<br>Mieux comprendre ces param\u00e8tres physiologiques peut nous aider \u00e0 mettre en place une routine de soin adapt\u00e9e pour lutter contre le rel\u00e2chement pr\u00e9matur\u00e9 de la peau et para\u00eetre plus jeune.<\/p>\n\n\n\n<h2 class=\"wp-block-heading has-medium-large-font-size\">LES M\u00c9CANISMES BIOLOGIQUES EN JEU<\/h2>\n\n\n\n<p>Le rel\u00e2chement cutan\u00e9, encore appel\u00e9 \u201cpt\u00f4se cutan\u00e9e\u201d se r\u00e9f\u00e8re \u00e0 un affaissement ou \u00e0 un rel\u00e2chement de la peau, souvent d\u00fb au vieillissement, \u00e0 la perte de collag\u00e8ne et d\u2019\u00e9lastine, ou \u00e0 des facteurs g\u00e9n\u00e9tiques. Cela peut affecter diff\u00e9rentes parties du corps, y compris le visage, les seins, les bras et l\u2019abdomen. Le traitement de la pt\u00f4se cutan\u00e9e peut varier en fonction de la gravit\u00e9 et de la zone touch\u00e9e. Les options de traitement peuvent inclure la chirurgie esth\u00e9tique, telle que le lifting du visage, ainsi que des traitements non chirurgicaux tels que les injections de comblement ou les traitements au laser pour am\u00e9liorer la texture de la peau. Une formulation cosm\u00e9tique fonctionnelle et int\u00e9grant des ingr\u00e9dients ciblant les diff\u00e9rents m\u00e9canismes de la pt\u00f4se cutan\u00e9e est \u00e9galement une solution non invasive b\u00e9n\u00e9fique \u00e0 la fois comme traitement et comme solution pr\u00e9ventive.<\/p>\n\n\n\n<p>Les m\u00e9canismes biologiques principalement impliqu\u00e9s dans la pt\u00f4se cutan\u00e9e sont:<\/p>\n\n\n\n<ul>\n<li>La diminution de la production des prot\u00e9ines structurantes de la peau;<\/li>\n\n\n\n<li>La diminution en graisse sous-cutan\u00e9e;<\/li>\n\n\n\n<li>L\u2019affaiblissement des muscles;<\/li>\n\n\n\n<li>La d\u00e9shydratation.<\/li>\n<\/ul>\n\n\n\n<h2 class=\"wp-block-heading has-medium-large-font-size\">1. LA DIMINUTION DE LA PRODUCTION DES PROT\u00c9INES STRUCTURANTES DE LA PEAU<\/h2>\n\n\n\n<p>Le collag\u00e8ne et l\u2019\u00e9lastine sont des prot\u00e9ines essentielles qui conf\u00e8rent \u00e0 la peau sa fermet\u00e9 et son \u00e9lasticit\u00e9. Avec l\u2019\u00e2ge, la production de ces prot\u00e9ines diminue, ce qui entra\u00eene une perte de fermet\u00e9 de la peau.<\/p>\n\n\n\n<h4 class=\"wp-block-heading\">L\u2019\u00e9lastine, r\u00f4le-clef face \u00e0 la gravit\u00e9 et au rel\u00e2chement cutan\u00e9<\/h4>\n\n\n\n<p>L\u2019\u00e9lastine dans la peau fonctionne de mani\u00e8re similaire \u00e0 un ressort en fournissant une \u00e9lasticit\u00e9 qui permet \u00e0 la peau de conserver sa fermet\u00e9 et sa structure, m\u00eame lorsqu\u2019elle est soumise \u00e0 des mouvements et \u00e0 des d\u00e9formations temporaires tels que des mouvements faciaux, des expressions, ou toute autre d\u00e9formation temporaire. Elle aide donc \u00e0 pr\u00e9venir la formation de rides et de ridules en maintenant la structure et la fermet\u00e9 de la peau. Lorsque nous sommes jeunes, notre peau contient une quantit\u00e9 signi\ufb01cative d\u2019\u00e9lastine, ce qui contribue \u00e0 une peau ferme, souple et \u00e9lastique. Cependant, avec le temps et le vieillissement, la production d\u2019\u00e9lastine diminue, ce qui peut entra\u00eener une perte d\u2019\u00e9lasticit\u00e9 et contribuer aux signes du vieillissement cutan\u00e9.<\/p>\n\n\n\n<p>L\u2019\u00e9lastine est \u00e9galement impliqu\u00e9e dans le processus de cicatrisation de la peau. Elle aide \u00e0 restaurer la structure normale de la peau apr\u00e8s une blessure en favorisant la r\u00e9g\u00e9n\u00e9ration des tissus.<\/p>\n\n\n\n<h4 class=\"wp-block-heading\">La tropo\u00e9lastine: un pr\u00e9curseur indispensable de l\u2019\u00e9lastine<\/h4>\n\n\n\n<p>La tropo\u00e9lastine est produite par les \ufb01broblastes. Ces cellules synth\u00e9tisent la tropo\u00e9lastine en tant que pr\u00e9curseur de l\u2019\u00e9lastine.<\/p>\n\n\n\n<p>La tropo\u00e9lastine est assembl\u00e9e \u00e0 l\u2019int\u00e9rieur des cellules cutan\u00e9es avant d\u2019\u00eatre d\u00e9livr\u00e9e vers la matrice extracellulaire. \u00c0 ce stade, la tropo\u00e9lastine n\u2019est pas encore sous forme d\u2019\u00e9lastine fonctionnelle. Elle doit d\u2019abord subir un processus de conversion. Ce processus implique la liaison des mol\u00e9cules de tropo\u00e9lastine entres elles, formant ainsi l\u2019\u00e9lastine. Finalement, les mol\u00e9cules d\u2019\u00e9lastine ainsi form\u00e9es se regroupent pour former des \ufb01bres \u00e9lastiques dans le tissu conjonctif de la peau, en particulier dans le derme.<\/p>\n\n\n\n<p>Interaction avec le collag\u00e8ne: L\u2019\u00e9lastine interagit avec le collag\u00e8ne, notamment avec le collag\u00e8ne de type I, qui est le type de collag\u00e8ne le plus abondant dans la peau. Ensemble, l\u2019\u00e9lastine et le collag\u00e8ne contribuent \u00e0 maintenir la structure, la fermet\u00e9 et l\u2019\u00e9lasticit\u00e9 de la peau.<\/p>\n\n\n\n<h4 class=\"wp-block-heading\">Le collag\u00e8ne : une renomm\u00e9e internationale justifi\u00e9e<\/h4>\n\n\n\n<p>Le collag\u00e8ne forme des \ufb01brilles, qui sont de minces \ufb01bres structurales, un peu comme l\u2019armature d\u2019un b\u00e2timent. Tout comme l\u2019armature donne sa structure et sa solidit\u00e9 \u00e0 un \u00e9di\ufb01ce, le collag\u00e8ne donne sa r\u00e9sistance et sa fermet\u00e9 \u00e0 la peau. Ces \ufb01brilles s\u2019entrecroisent pour cr\u00e9er un r\u00e9seau tridimensionnel dans le derme, la couche profonde de la peau.<\/p>\n\n\n\n<p>Les cellules de la peau, telles que les \ufb01broblastes, sont int\u00e9gr\u00e9es dans la structure du collag\u00e8ne. Ces cellules produisent activement le collag\u00e8ne et contribuent \u00e0 maintenir sa structure.<\/p>\n\n\n\n<p>Le collag\u00e8ne peut agir comme un m\u00e9diateur dans la communication cellulaire. Il interagit avec d\u2019autres prot\u00e9ines et mol\u00e9cules pour r\u00e9guler divers processus cellulaires, y compris la synth\u00e8se du collag\u00e8ne lui-m\u00eame.<\/p>\n\n\n\n<p>On parle d\u2019auto-r\u00e9gulation : Le collag\u00e8ne est constamment renouvel\u00e9 dans la peau. Les cellules produisent de nouvelles mol\u00e9cules de collag\u00e8ne pour remplacer celles qui sont d\u00e9grad\u00e9es avec le temps.<\/p>\n\n\n\n<p>Dans la peau, il existe plusieurs types de collag\u00e8ne:<\/p>\n\n\n\n<ol>\n<li>Le plus abondant :&nbsp;<strong>le collag\u00e8ne de type I<br><\/strong>Il repr\u00e9sentant environ 80% \u00e0 90% du collag\u00e8ne total. Il assure la r\u00e9sistance, la fermet\u00e9 et la stabilit\u00e9 de la peau. Il est pr\u00e9sent dans le derme, la couche profonde de la peau.<\/li>\n\n\n\n<li>Le bin\u00f4me du collag\u00e8ne de type I :&nbsp;<strong>le collag\u00e8ne de type III<br><\/strong>Il contribue \u00e9galement \u00e0 la souplesse de la peau, aidant \u00e0 soutenir les structures cellulaires. On le trouve souvent associ\u00e9 au collag\u00e8ne de type I dans le derme.<\/li>\n\n\n\n<li>Les collag\u00e8nes qui soutiennent et ancrent la zone de contact derme-\u00e9piderme:&nbsp;<strong>les collag\u00e8nes de type IV et de type VII<br><\/strong>Ils sont cruciaux pour la formation de la membrane basale, une structure qui s\u00e9pare l\u2019\u00e9piderme du derme.<\/li>\n\n\n\n<li>\u00ab Le collag\u00e8ne booster de collag\u00e8ne \u00bb :&nbsp;<strong>le collag\u00e8ne de type V<br><\/strong>Le collag\u00e8ne de type V s\u2019associe avec le collag\u00e8ne de type I pour former des \ufb01brilles, et il est impliqu\u00e9 dans la r\u00e9gulation de la croissance et de la disposition du collag\u00e8ne dans le derme. Il se trouve donc dans le derme.<br>Chaque type de collag\u00e8ne contribue de mani\u00e8re sp\u00e9ci\ufb01que \u00e0 la structure et \u00e0 la fonction de la peau. Ils interagissent de mani\u00e8re complexe pour assurer la stabilit\u00e9, la r\u00e9silience et la souplesse de la peau. La r\u00e9partition et la quantit\u00e9 relative de chaque type de collag\u00e8ne varient dans diff\u00e9rentes couches de la peau, ce qui permet une organisation structur\u00e9e et fonctionnelle.<\/li>\n<\/ol>\n\n\n\n<h2 class=\"wp-block-heading has-medium-large-font-size\">2. LA DIMINUTION DE LA GRAISSE SOUS-CUTAN\u00c9E<\/h2>\n\n\n\n<p>La graisse joue un r\u00f4le dans le maintien de la pl\u00e9nitude et de la jeunesse de la peau. La peau mature peut perdre de la graisse sous-cutan\u00e9e, ce qui peut contribuer \u00e0 l\u2019apparence de la peau affaiss\u00e9e.<br>Les explications de ce ph\u00e9nom\u00e8ne sont multiples mais leur connaissance et compr\u00e9hension peuvent aider \u00e0 cr\u00e9er des formules \u00ab anti-gravit\u00e9 \u00bb ou \u00ab plumping \u00bb agissant sur ces causes vari\u00e9es. A titre d\u2019exemple, on pourra d\u00e9crire:<\/p>\n\n\n\n<ul>\n<li><strong>L\u2019alt\u00e9ration du m\u00e9tabolisme avec l\u2019\u00e2ge <\/strong><br>Ce ph\u00e9nom\u00e8ne peut affecter la mani\u00e8re dont le corps stocke et utilise les graisses. Une diminution de ce m\u00e9tabolisme peut contribuer \u00e0 la perte de graisse sous-cutan\u00e9e.<\/li>\n\n\n\n<li><strong>La diminution des s\u00e9cr\u00e9tions de s\u00e9bum<\/strong><br>Avec l\u2019\u00e2ge et faisant suite aux di\ufb00\u00e9rents changements hormonaux li\u00e9s \u00e0 l\u2019apparition de la m\u00e9nopause, malgr\u00e9 un nombre de glandes s\u00e9bac\u00e9es inchang\u00e9, leur taille et leur s\u00e9cr\u00e9tion (s\u00e9bum) ont tendance \u00e0 diminuer. Cela entra\u00eenant une r\u00e9duction de la production de lipides de surface. La peau peut alors appara\u00eetre comme a\ufb03n\u00e9e et moins hydrat\u00e9e.<\/li>\n\n\n\n<li><strong>La distribution des graisses<br><\/strong>Un point tout particuli\u00e8rement int\u00e9ressant pour les m\u00e9decins sp\u00e9cialis\u00e9s en m\u00e9decine esth\u00e9tique concerne la modi\ufb01cation de la distribution des graisses. La distribution des graisses dans le corps et m\u00eame au niveau du visage change avec l\u2019\u00e2ge. Certaines zones peuvent subir une perte de graisse, tandis que d\u2019autres peuvent accumuler plus de graisse. Cette redistribution peut in\ufb02uencer l\u2019apparence de la peau avec des zones dites \u00ab lourdes \u00bb qui auront tendance \u00e0 alourdir le visage et d\u2019autres dites \u00ab creuses \u00bb qui risque d\u2019augmenter l\u2019aspect fatigu\u00e9 et rid\u00e9 du visage.<\/li>\n<\/ul>\n\n\n\n<blockquote class=\"wp-block-quote is-layout-flow wp-block-quote-is-layout-flow\">\n<p><strong>La baisse concomitante de production de collag\u00e8ne, d\u2019\u00e9lastine et de graisse sous cutan\u00e9e<\/strong><\/p>\n\n\n\n<p>La perte des prot\u00e9ines structurelles (collag\u00e8ne et \u00e9lastine) peut entra\u00eener une diminution du support structurel de la peau, y compris de ce tissu adipeux sous-cutan\u00e9. Celui-ci \u00e9tant d\u00e9j\u00e0 en r\u00e9gression en termes de production, s\u2019il ne peut plus \u00eatre retenu, l\u2019e\ufb00et sera d\u2019autant plus visible sur le rel\u00e2chement des tissus.<\/p>\n<\/blockquote>\n\n\n\n<h2 class=\"wp-block-heading has-medium-large-font-size\">3. L\u2019AFFAIBLISSEMENT DES MUSCLE<\/h2>\n\n\n\n<p>Les muscles sous-jacents soutiennent \u00e9galement la structure de la peau. Avec l\u2019\u00e2ge, ces muscles peuvent s\u2019a\ufb00aiblir, contribuant \u00e0 la \ufb02accidit\u00e9 de la peau. Le yoga facial prend tout son sens face \u00e0 ce ph\u00e9nom\u00e8ne.<\/p>\n\n\n\n<h2 class=\"wp-block-heading has-medium-large-font-size\">4. LA D\u00c9SHYDRATATION<\/h2>\n\n\n\n<p>La peau mature a souvent tendance \u00e0 \u00eatre plus s\u00e8che, ce qui peut accentuer l\u2019apparence des rides et ridules, contribuant \u00e0 une peau qui semble plus a\ufb00ect\u00e9e par la gravit\u00e9.<\/p>\n\n\n\n<p><strong>En conclusion,&nbsp;<\/strong>en formulant une routine de soin de peau combinant des ingr\u00e9dients sp\u00e9ci\ufb01ques agissant sur \u00ab l\u2019e\ufb00et gravit\u00e9 \u00bb, la peau mature peut avoir une capacit\u00e9 renforc\u00e9e \u00e0 maintenir sa structure face \u00e0 la gravit\u00e9, ce qui peut conduire \u00e0 un rel\u00e2chement cutan\u00e9 moindre et une apparence plus jeune de la peau.<\/p>\n<\/div>\n\n\n\n<div class=\"wp-block-media-text is-stacked-on-mobile\" style=\"grid-template-columns:30% auto\"><figure class=\"wp-block-media-text__media\" data-no-zoom=\"true\"><img loading=\"lazy\" decoding=\"async\" width=\"150\" height=\"150\" src=\"https:\/\/rivoli.ch\/wp-content\/uploads\/2024\/04\/2018-Portrait-pro-Gwendoline-150x150-1.webp\" alt=\"2018 portrait pro gwendoline 150x150 1\" class=\"wp-image-522 size-full\" srcset=\"https:\/\/rivoli.ch\/wp-content\/uploads\/2024\/04\/2018-Portrait-pro-Gwendoline-150x150-1.webp 150w, https:\/\/rivoli.ch\/wp-content\/uploads\/2024\/04\/2018-Portrait-pro-Gwendoline-150x150-1-12x12.webp 12w\" sizes=\"(max-width: 150px) 100vw, 150px\" \/><\/figure><div class=\"wp-block-media-text__content\">\n<p>R\u00e9dactrice :&nbsp;<em>Dr. Baruchet, Docteur en biologie<\/em><\/p>\n<\/div><\/div>\n","protected":false},"excerpt":{"rendered":"<p>Notre peau joue un r\u00f4le pr\u00e9pond\u00e9rant dans notre vie sociale. Elle affecte tout particuli\u00e8rement notre estime de soi et notre qualit\u00e9 de vie. Elle est aussi le reflet de notre \u00e2ge et style de vie. Au fil des ann\u00e9es sa fonction globale ralentit caus\u00e9e par l\u2019action de facteurs intrins\u00e8ques et extrins\u00e8ques\u2026<\/p>\n","protected":false},"author":1,"featured_media":518,"comment_status":"open","ping_status":"open","sticky":false,"template":"","format":"standard","meta":{"_seopress_robots_primary_cat":"none","_seopress_titles_title":"","_seopress_titles_desc":"","_seopress_robots_index":"","footnotes":""},"acf":[],"_links":{"self":[{"href":"https:\/\/rivoli.ch\/fr\/wp-json\/wp\/v2\/posts\/699"}],"collection":[{"href":"https:\/\/rivoli.ch\/fr\/wp-json\/wp\/v2\/posts"}],"about":[{"href":"https:\/\/rivoli.ch\/fr\/wp-json\/wp\/v2\/types\/post"}],"author":[{"embeddable":true,"href":"https:\/\/rivoli.ch\/fr\/wp-json\/wp\/v2\/users\/1"}],"replies":[{"embeddable":true,"href":"https:\/\/rivoli.ch\/fr\/wp-json\/wp\/v2\/comments?post=699"}],"version-history":[{"count":6,"href":"https:\/\/rivoli.ch\/fr\/wp-json\/wp\/v2\/posts\/699\/revisions"}],"predecessor-version":[{"id":1828,"href":"https:\/\/rivoli.ch\/fr\/wp-json\/wp\/v2\/posts\/699\/revisions\/1828"}],"wp:featuredmedia":[{"embeddable":true,"href":"https:\/\/rivoli.ch\/fr\/wp-json\/wp\/v2\/media\/518"}],"wp:attachment":[{"href":"https:\/\/rivoli.ch\/fr\/wp-json\/wp\/v2\/media?parent=699"}],"curies":[{"name":"wp","href":"https:\/\/api.w.org\/{rel}","templated":true}]}}